{"id":11068,"date":"2024-04-23T10:25:42","date_gmt":"2024-04-23T08:25:42","guid":{"rendered":"http:\/\/www.musees-mediterranee.org\/?p=11068"},"modified":"2024-04-23T10:57:28","modified_gmt":"2024-04-23T08:57:28","slug":"afroa-journees-detude-et-questionnaire-sur-le-theme-des-reserves","status":"publish","type":"post","link":"http:\/\/www.musees-mediterranee.org\/index.php\/2024\/04\/23\/afroa-journees-detude-et-questionnaire-sur-le-theme-des-reserves\/","title":{"rendered":"AFROA &#8211; Journ\u00e9es d&#8217;\u00e9tude et questionnaire sur le th\u00e8me des r\u00e9serves"},"content":{"rendered":"\t\t<div data-elementor-type=\"wp-post\" data-elementor-id=\"11068\" class=\"elementor elementor-11068\" data-elementor-post-type=\"post\">\n\t\t\t\t\t\t<section class=\"elementor-section elementor-top-section elementor-element elementor-element-23a2f6c elementor-section-boxed elementor-section-height-default elementor-section-height-default exad-glass-effect-no exad-sticky-section-no\" data-id=\"23a2f6c\" data-element_type=\"section\" data-e-type=\"section\">\n\t\t\t\t\t\t<div class=\"elementor-container elementor-column-gap-default\">\n\t\t\t\t\t<div class=\"elementor-column elementor-col-100 elementor-top-column elementor-element elementor-element-ed42b8c exad-glass-effect-no exad-sticky-section-no\" data-id=\"ed42b8c\" data-element_type=\"column\" data-e-type=\"column\">\n\t\t\t<div class=\"elementor-widget-wrap elementor-element-populated\">\n\t\t\t\t\t\t<div class=\"elementor-element elementor-element-8e3afc0 exad-sticky-section-no exad-glass-effect-no elementor-widget elementor-widget-text-editor\" data-id=\"8e3afc0\" data-element_type=\"widget\" data-e-type=\"widget\" data-widget_type=\"text-editor.default\">\n\t\t\t\t<div class=\"elementor-widget-container\">\n\t\t\t\t\t\t\t\t\t<p>L&#8217;AFROA &#8211; association fran\u00e7aise des r\u00e9gisseurs d&#8217;\u0153uvres d&#8217;art &#8211; organise au Mus\u00e9e d&#8217;Orsay des journ\u00e9es d&#8217;\u00e9tude consacr\u00e9es au th\u00e8me des r\u00e9serves, les 25-26 juin 2024.<br \/><a href=\"https:\/\/www.afroa.fr\/page\/1425021-a-la-une\" target=\"_blank\" rel=\"noopener\">https:\/\/www.afroa.fr\/page\/1425021-a-la-une<\/a>.<\/p><p>Et propose aux mus\u00e9es de r\u00e9pondre \u00e0 un questionnaire permettant de dresser un \u00e9tat des lieux de la situation dans les r\u00e9serves d\u2019ici le 3 mai 2024.<br \/><a href=\"https:\/\/docs.google.com\/forms\/d\/1JhxaBowH5MusZsMGG8WWponAnm1Km1EXdAWaNCUXrJw\/edit\" target=\"_blank\" rel=\"noopener\">https:\/\/docs.google.com\/forms\/d\/1JhxaBowH5MusZsMGG8WWponAnm1Km1EXdAWaNCUXrJw\/edit<\/a><\/p><p>Les r\u00e9sultats seront pr\u00e9sent\u00e9s aux journ\u00e9es d&#8217;\u00e9tude sous forme de panneaux.<\/p>\t\t\t\t\t\t\t\t<\/div>\n\t\t\t\t<\/div>\n\t\t\t\t\t<\/div>\n\t\t<\/div>\n\t\t\t\t\t<\/div>\n\t\t<\/section>\n\t\t\t\t<\/div>\n\t\t","protected":false},"excerpt":{"rendered":"<p>L&#8217;AFROA &#8211; association fran\u00e7aise des r\u00e9gisseurs d&#8217;\u0153uvres d&#8217;art &#8211; organise au Mus\u00e9e d&#8217;Orsay des journ\u00e9es d&#8217;\u00e9tude consacr\u00e9es au th\u00e8me des r\u00e9serves, les 25-26 juin 2024.https:\/\/www.afroa.fr\/page\/1425021-a-la-une. Et propose aux mus\u00e9es de&hellip; <\/p>\n","protected":false},"author":1,"featured_media":0,"comment_status":"closed","ping_status":"closed","sticky":false,"template":"","format":"standard","meta":{"_acf_changed":false,"_bbp_topic_count":0,"_bbp_reply_count":0,"_bbp_total_topic_count":0,"_bbp_total_reply_count":0,"_bbp_voice_count":0,"_bbp_anonymous_reply_count":0,"_bbp_topic_count_hidden":0,"_bbp_reply_count_hidden":0,"_bbp_forum_subforum_count":0,"iawp_total_views":0,"footnotes":""},"categories":[74],"tags":[],"class_list":["post-11068","post","type-post","status-publish","format-standard","hentry","category-actualites"],"acf":[],"_links":{"self":[{"href":"http:\/\/www.musees-mediterranee.org\/index.php\/wp-json\/wp\/v2\/posts\/11068","targetHints":{"allow":["GET"]}}],"collection":[{"href":"http:\/\/www.musees-mediterranee.org\/index.php\/wp-json\/wp\/v2\/posts"}],"about":[{"href":"http:\/\/www.musees-mediterranee.org\/index.php\/wp-json\/wp\/v2\/types\/post"}],"author":[{"embeddable":true,"href":"http:\/\/www.musees-mediterranee.org\/index.php\/wp-json\/wp\/v2\/users\/1"}],"replies":[{"embeddable":true,"href":"http:\/\/www.musees-mediterranee.org\/index.php\/wp-json\/wp\/v2\/comments?post=11068"}],"version-history":[{"count":0,"href":"http:\/\/www.musees-mediterranee.org\/index.php\/wp-json\/wp\/v2\/posts\/11068\/revisions"}],"wp:attachment":[{"href":"http:\/\/www.musees-mediterranee.org\/index.php\/wp-json\/wp\/v2\/media?parent=11068"}],"wp:term":[{"taxonomy":"category","embeddable":true,"href":"http:\/\/www.musees-mediterranee.org\/index.php\/wp-json\/wp\/v2\/categories?post=11068"},{"taxonomy":"post_tag","embeddable":true,"href":"http:\/\/www.musees-mediterranee.org\/index.php\/wp-json\/wp\/v2\/tags?post=11068"}],"curies":[{"name":"wp","href":"https:\/\/api.w.org\/{rel}","templated":true}]}}