{"id":10250,"date":"2024-02-20T09:51:25","date_gmt":"2024-02-20T08:51:25","guid":{"rendered":"http:\/\/www.musees-mediterranee.org\/?p=10250"},"modified":"2024-06-12T09:14:39","modified_gmt":"2024-06-12T07:14:39","slug":"une-journee-detudes-consacree-au-textile-en-provence","status":"publish","type":"post","link":"http:\/\/www.musees-mediterranee.org\/index.php\/2024\/02\/20\/une-journee-detudes-consacree-au-textile-en-provence\/","title":{"rendered":"Une journ\u00e9e d\u2019\u00e9tudes consacr\u00e9e au textile en Provence"},"content":{"rendered":"\t\t<div data-elementor-type=\"wp-post\" data-elementor-id=\"10250\" class=\"elementor elementor-10250\" data-elementor-post-type=\"post\">\n\t\t\t\t\t\t<section class=\"elementor-section elementor-top-section elementor-element elementor-element-c756bf9 elementor-section-boxed elementor-section-height-default elementor-section-height-default exad-glass-effect-no exad-sticky-section-no\" data-id=\"c756bf9\" data-element_type=\"section\" data-e-type=\"section\">\n\t\t\t\t\t\t<div class=\"elementor-container elementor-column-gap-default\">\n\t\t\t\t\t<div class=\"elementor-column elementor-col-100 elementor-top-column elementor-element elementor-element-f3f64f5 exad-glass-effect-no exad-sticky-section-no\" data-id=\"f3f64f5\" data-element_type=\"column\" data-e-type=\"column\">\n\t\t\t<div class=\"elementor-widget-wrap elementor-element-populated\">\n\t\t\t\t\t\t<div class=\"elementor-element elementor-element-a65ce18 exad-sticky-section-no exad-glass-effect-no elementor-widget elementor-widget-text-editor\" data-id=\"a65ce18\" data-element_type=\"widget\" data-e-type=\"widget\" data-widget_type=\"text-editor.default\">\n\t\t\t\t<div class=\"elementor-widget-container\">\n\t\t\t\t\t\t\t\t\t<p>Depuis 2022, l\u2019association porte une attention particuli\u00e8re aux collections de textiles conserv\u00e9es dans les mus\u00e9es de la r\u00e9gion Provence-Alpes-C\u00f4te d\u2019Azur ainsi que dans les collections particuli\u00e8res ou associatives.<\/p><p>Organis\u00e9e le 8 d\u00e9cembre 2023 au Mus\u00e9e international de la Parfumerie \u00e0 Grasse, la journ\u00e9e d\u2019\u00e9tudes a permis de pr\u00e9senter un \u00e9tat de l\u2019avancement de ce projet, soutenu par le Conseil R\u00e9gional PACA, aux 63 participants en pr\u00e9sentiel ou en visioconf\u00e9rence : conservateurs de mus\u00e9es, collectionneurs, charg\u00e9s de collections, \u00e9tudiants.<\/p><p>Diff\u00e9rentes th\u00e9matiques ont pu \u00eatre abord\u00e9es : point sur l\u2019enqu\u00eate men\u00e9e par Aleth Jourdan, int\u00e9r\u00eat d\u2019une mise en r\u00e9seau par Brigitte Riboreau et Nadine Halitim-Dubois avec l\u2019exemple du r\u00e9seau textile et mode en Auvergne-Rh\u00f4ne-Alpes, pr\u00e9sentation du r\u00e9seau Culture(s) de Mode et de sa cartographie par Sophie Kurkdjian. Les collections ont fait l\u2019objet des interventions d\u2019Alexandre Mahue, pour le fonds textile du Mus\u00e9e Proven\u00e7al \u00e0 Marseille et d\u2019Aziza Gril-Mariotte sur la mode des tissus d\u2019indiennes \u00e0 partir du XVIIIe si\u00e8cle.<\/p><p>La journ\u00e9e s\u2019est termin\u00e9e par la visite du Mus\u00e9e proven\u00e7al du Costume et du Bijou sous la conduite d\u2019Eva Lorenzini, conservateur.<\/p>\t\t\t\t\t\t\t\t<\/div>\n\t\t\t\t<\/div>\n\t\t\t\t\t<\/div>\n\t\t<\/div>\n\t\t\t\t\t<\/div>\n\t\t<\/section>\n\t\t\t\t<section class=\"elementor-section elementor-top-section elementor-element elementor-element-f2429f4 elementor-section-boxed elementor-section-height-default elementor-section-height-default exad-glass-effect-no exad-sticky-section-no\" data-id=\"f2429f4\" data-element_type=\"section\" data-e-type=\"section\">\n\t\t\t\t\t\t<div class=\"elementor-container elementor-column-gap-default\">\n\t\t\t\t\t<div class=\"elementor-column elementor-col-100 elementor-top-column elementor-element elementor-element-0a3d0cc exad-glass-effect-no exad-sticky-section-no\" data-id=\"0a3d0cc\" data-element_type=\"column\" data-e-type=\"column\">\n\t\t\t<div class=\"elementor-widget-wrap elementor-element-populated\">\n\t\t\t\t\t\t<div class=\"elementor-element elementor-element-50fe46e exad-sticky-section-no exad-glass-effect-no elementor-widget elementor-widget-image\" data-id=\"50fe46e\" data-element_type=\"widget\" data-e-type=\"widget\" data-widget_type=\"image.default\">\n\t\t\t\t<div class=\"elementor-widget-container\">\n\t\t\t\t\t\t\t\t\t\t\t\t<figure class=\"wp-caption\">\n\t\t\t\t\t\t\t\t\t\t\t<a href=\"http:\/\/www.musees-mediterranee.org\/wp-content\/uploads\/2024\/02\/JE-Textile-en-Provence.jpg\" data-elementor-open-lightbox=\"yes\" data-e-action-hash=\"#elementor-action%3Aaction%3Dlightbox%26settings%3DeyJpZCI6MTAyNTEsInVybCI6Imh0dHA6XC9cL3d3dy5tdXNlZXMtbWVkaXRlcnJhbmVlLm9yZ1wvd3AtY29udGVudFwvdXBsb2Fkc1wvMjAyNFwvMDJcL0pFLVRleHRpbGUtZW4tUHJvdmVuY2UuanBnIn0%3D\">\n\t\t\t\t\t\t\t<img fetchpriority=\"high\" decoding=\"async\" width=\"1024\" height=\"717\" src=\"http:\/\/www.musees-mediterranee.org\/wp-content\/uploads\/2024\/02\/JE-Textile-en-Provence.jpg\" class=\"attachment-full size-full wp-image-10251\" alt=\"\" srcset=\"http:\/\/www.musees-mediterranee.org\/wp-content\/uploads\/2024\/02\/JE-Textile-en-Provence.jpg 1024w, http:\/\/www.musees-mediterranee.org\/wp-content\/uploads\/2024\/02\/JE-Textile-en-Provence-300x210.jpg 300w, http:\/\/www.musees-mediterranee.org\/wp-content\/uploads\/2024\/02\/JE-Textile-en-Provence-768x538.jpg 768w, http:\/\/www.musees-mediterranee.org\/wp-content\/uploads\/2024\/02\/JE-Textile-en-Provence-330x230.jpg 330w\" sizes=\"(max-width: 1024px) 100vw, 1024px\" \/>\t\t\t\t\t\t\t\t<\/a>\n\t\t\t\t\t\t\t\t\t\t\t<figcaption class=\"widget-image-caption wp-caption-text\">Mus\u00e9e Proven\u00e7al du Costume et du Bijou<br \/> Fragonard Parfumeur, photo Eva Lorenzini<\/figcaption>\n\t\t\t\t\t\t\t\t\t\t<\/figure>\n\t\t\t\t\t\t\t\t\t<\/div>\n\t\t\t\t<\/div>\n\t\t\t\t\t<\/div>\n\t\t<\/div>\n\t\t\t\t\t<\/div>\n\t\t<\/section>\n\t\t\t\t<\/div>\n\t\t","protected":false},"excerpt":{"rendered":"<p>Depuis 2022, l\u2019association porte une attention particuli\u00e8re aux collections de textiles conserv\u00e9es dans les mus\u00e9es de la r\u00e9gion Provence-Alpes-C\u00f4te d\u2019Azur ainsi que dans les collections particuli\u00e8res ou associatives.<\/p>\n","protected":false},"author":1,"featured_media":10251,"comment_status":"closed","ping_status":"closed","sticky":false,"template":"","format":"standard","meta":{"_acf_changed":false,"_bbp_topic_count":0,"_bbp_reply_count":0,"_bbp_total_topic_count":0,"_bbp_total_reply_count":0,"_bbp_voice_count":0,"_bbp_anonymous_reply_count":0,"_bbp_topic_count_hidden":0,"_bbp_reply_count_hidden":0,"_bbp_forum_subforum_count":0,"iawp_total_views":16,"footnotes":""},"categories":[25,73],"tags":[81],"class_list":["post-10250","post","type-post","status-publish","format-standard","has-post-thumbnail","hentry","category-journal","category-rencontres","tag-mars-2024"],"acf":[],"_links":{"self":[{"href":"http:\/\/www.musees-mediterranee.org\/index.php\/wp-json\/wp\/v2\/posts\/10250","targetHints":{"allow":["GET"]}}],"collection":[{"href":"http:\/\/www.musees-mediterranee.org\/index.php\/wp-json\/wp\/v2\/posts"}],"about":[{"href":"http:\/\/www.musees-mediterranee.org\/index.php\/wp-json\/wp\/v2\/types\/post"}],"author":[{"embeddable":true,"href":"http:\/\/www.musees-mediterranee.org\/index.php\/wp-json\/wp\/v2\/users\/1"}],"replies":[{"embeddable":true,"href":"http:\/\/www.musees-mediterranee.org\/index.php\/wp-json\/wp\/v2\/comments?post=10250"}],"version-history":[{"count":0,"href":"http:\/\/www.musees-mediterranee.org\/index.php\/wp-json\/wp\/v2\/posts\/10250\/revisions"}],"wp:featuredmedia":[{"embeddable":true,"href":"http:\/\/www.musees-mediterranee.org\/index.php\/wp-json\/wp\/v2\/media\/10251"}],"wp:attachment":[{"href":"http:\/\/www.musees-mediterranee.org\/index.php\/wp-json\/wp\/v2\/media?parent=10250"}],"wp:term":[{"taxonomy":"category","embeddable":true,"href":"http:\/\/www.musees-mediterranee.org\/index.php\/wp-json\/wp\/v2\/categories?post=10250"},{"taxonomy":"post_tag","embeddable":true,"href":"http:\/\/www.musees-mediterranee.org\/index.php\/wp-json\/wp\/v2\/tags?post=10250"}],"curies":[{"name":"wp","href":"https:\/\/api.w.org\/{rel}","templated":true}]}}